{"provider_url": "https://www.querencia.mt.leg.br", "title": "Chevecross em Quer\u00eancia \u00e9 sucesso.", "html": "<p style=\"text-align: justify; \"><em><img src=\"https://www.querencia.mt.leg.br/imagens/copy5_of_DSC_0198.JPG/@@images/68434cea-607b-45ef-b359-8c53140fdf4e.jpeg\" alt=\"\" class=\"image-left\" title=\"\" />Estiveram presentes no evento o presidente da C\u00e2mara municipal de vereador Professor Neiriberto, vice-presidente vereador Celso da Ret\u00edfica e o vereador Vav\u00e1.</em></p>\r\n<div class=\"text_exposed_show\">\r\n<p style=\"text-align: justify; \"><em>A modalidade s\u00f3 cresce em Quer\u00eancia, onde os pilotos proporcionam ao p\u00fablico muita adrenalina, sem d\u00favida nenhuma uma das melhores etapas do vale do (Araguaia).</em></p>\r\n<p style=\"text-align: justify; \"><em><img src=\"https://www.querencia.mt.leg.br/imagens/DSC_0203.JPG/@@images/8dc577cc-3910-482b-bc74-ee3880939d86.jpeg\" alt=\"\" class=\"image-right\" title=\"\" />Falamos com o vereador Celso da ret\u00edfica que al\u00e9m de incentivador e piloto de chevecross.</em></p>\r\n<p style=\"text-align: justify; \"><em><br /></em></p>\r\n<p style=\"text-align: justify; \"><em><br /></em></p>\r\n<p style=\"text-align: justify; \"><em><br /></em></p>\r\n<p style=\"text-align: justify; \"><em><br /></em></p>\r\n<p style=\"text-align: justify; \"><em><img src=\"https://www.querencia.mt.leg.br/imagens/copy2_of_DSC_0246.JPG/@@images/076e18f9-8d5e-46e7-8769-e5701a5172d8.jpeg\" alt=\"\" class=\"image-left\" title=\"\" />\u201cA cada etapa uma emo\u00e7\u00e3o diferente, ficamos felizes pelo sucesso na realiza\u00e7\u00e3o do evento j\u00e1 estamos na 5.\u00aa etapa e a cada dia s\u00f3 melhora a participa\u00e7\u00e3o tanto dos cheveteiros como do p\u00fabico que abra\u00e7ou essa modalidade de esporte em Quer\u00eancia,\u00a0<span class=\"_ezo\" id=\"u_ps_fetchstream_19_5_1\">parab\u00e9ns</span>\u00a0a todos os envolvidos o poder Executivo que participa efetivamente da realiza\u00e7\u00e3o do evento, cheveteiros e ao p\u00fablico que se faz presente e d\u00e1 um verdadeiro show\u201d. \u2014 Finalizou o vereador Celso da Ret\u00edfica.</em></p>\r\n</div>", "author_name": "aquila", "version": "1.0", "author_url": "https://www.querencia.mt.leg.br/author/aquila", "provider_name": "C\u00e2mara Municipal de Quer\u00eancia - MT", "type": "rich"}