{"provider_url": "https://www.querencia.mt.leg.br", "title": "20 de janeiro, segunda-feira", "html": "<div class=\"mc-column content-text active-extra-styles active-capital-letter\" data-block-type=\"unstyled\" data-block-weight=\"79\" data-block-id=\"1\">\r\n<p class=\"content-text__container theme-color-primary-first-letter\" style=\"text-align: justify; \" data-track-category=\"Link no Texto\" data-track-links=\"\"><em>Candidatos que fizeram o\u00a0Enem\u00a0esperam uma resposta do governo sobre o erro nas notas. Aten\u00e7\u00e3o total na fronteira em Mato Grosso do Sul ap\u00f3s a\u00a0fuga de presos\u00a0de uma fac\u00e7\u00e3o brasileira no Paraguai. O que disse o\u00a0pr\u00edncipe Harry\u00a0ap\u00f3s perder o status da realeza. O drama de quem tenta se recuperar da intoxica\u00e7\u00e3o associada \u00e0\u00a0cerveja da Backer\u00a0em Minas. O\u00a0BBB20\u00a0vem a\u00ed, e j\u00e1 sabemos quem vai entrar na casa mais vigiada do Brasil.</em></p>\r\n</div>\r\n<div class=\"wall protected-content\">\r\n<div class=\"mc-column content-text active-extra-styles\" style=\"text-align: justify; \" data-block-type=\"raw\" data-block-weight=\"3\" data-block-id=\"2\">\r\n<p class=\"content-text__container\"><em>\u00a0Fuga em massa</em></p>\r\n<p><em>\u00a0Mais de 70 integrantes de uma fac\u00e7\u00e3o paulista\u00a0<a href=\"https://g1.globo.com/mundo/noticia/2020/01/19/dezenas-de-integrantes-de-faccao-criminosa-fogem-de-presidio-no-paraguai.ghtml\">fugiram de um pres\u00eddio</a>\u00a0em Pedro Juan Caballero, cidade paraguaia na fronteira com o Mato Grosso do Sul, por um t\u00fanel. Autoridades do Paraguai disseram que h\u00e1 fugitivos brasileiros e paraguaios e investigam a participa\u00e7\u00e3o de funcion\u00e1rios da pris\u00e3o. Do lado de c\u00e1, o governo refor\u00e7ou a seguran\u00e7a com\u00a0<a href=\"https://g1.globo.com/politica/noticia/2020/01/19/ministerio-da-justica-fecha-fronteira-entre-brasil-e-paraguai-no-mato-grosso-do-sul-apos-fuga-de-presos.ghtml\">bloqueios na fronteira</a>\u00a0e a pol\u00edcia\u00a0<a href=\"https://g1.globo.com/ms/mato-grosso-do-sul/noticia/2020/01/19/mato-grosso-do-sul-fiscaliza-rodovias-apos-fuga-em-massa-de-integrantes-de-faccao-em-prisao-do-paraguai.ghtml\">monitora as rodovias</a>\u00a0do estado.</em></p>\r\n</div>\r\n<div class=\"mc-column content-text active-extra-styles\" style=\"text-align: justify; \" data-block-type=\"raw\" data-block-weight=\"3\" data-block-id=\"4\">\r\n<p class=\"content-text__container\"><em>\u00a0Falha no Enem</em></p>\r\n<p><em>\u00a0O Minist\u00e9rio da Educa\u00e7\u00e3o prometeu anunciar hoje uma solu\u00e7\u00e3o para o erro nas notas do Enem. No s\u00e1bado, ap\u00f3s uma enxurrada de reclama\u00e7\u00f5es nas redes sociais, o ministro Abraham Weintraub admitiu\u00a0<a href=\"https://g1.globo.com/educacao/enem/2019/noticia/2020/01/18/houve-inconsistencias-na-correcao-da-segunda-prova-do-enem-2019-diz-ministro-da-educacao.ghtml\">\"inconsist\u00eancias\"</a>. O governo n\u00e3o informou o n\u00famero de candidatos prejudicados e no domingo disse que apura poss\u00edveis erros tanto na\u00a0<a href=\"https://g1.globo.com/educacao/enem/2019/noticia/2020/01/19/inep-diz-que-apura-possiveis-inconsistencias-tambem-na-correcao-do-1o-dia-do-enem-2019.ghtml\">prova do 1\u00ba dia\u00a0</a>quanto na do 2\u00ba.</em></p>\r\n</div>\r\n<div class=\"mc-column content-text active-extra-styles \" style=\"text-align: justify; \" data-block-type=\"unstyled\" data-block-weight=\"24\" data-block-id=\"6\">\r\n<p class=\"content-text__container \" data-track-category=\"Link no Texto\" data-track-links=\"\"><em>Estudantes est\u00e3o preocupados porque amanh\u00e3\u00a0<a href=\"https://g1.globo.com/educacao/enem/2019/noticia/2020/01/18/sisu-esta-mantido-diz-presidente-do-inep-apos-inconsistencias-na-correcao-da-prova-do-enem-2019.ghtml\">come\u00e7am as inscri\u00e7\u00f5es do Sisu</a>, o sistema de sele\u00e7\u00e3o unificado para universidade p\u00fablicas que usa as notas do Enem.</em></p>\r\n</div>\r\n<div class=\"mc-column content-text active-extra-styles \" style=\"text-align: justify; \" data-block-type=\"unstyled\" data-block-weight=\"68\" data-block-id=\"7\">\r\n<p class=\"content-text__container \" data-track-category=\"Link no Texto\" data-track-links=\"\"><em>Virg\u00ednia Medina, 20 anos, tenta pela quarta vez entrar em medicina. \"<a href=\"https://g1.globo.com/educacao/enem/2019/noticia/2020/01/20/apos-erro-na-correcao-do-enem-2019-participantes-temem-perder-vagas-nas-universidades-federais.ghtml\">Meu medo \u00e9 o erro n\u00e3o ser corrigido e eu ser prejudicada no Sisu. Foi um ano inteiro de investimento</a>. Eu morei em outra cidade para fazer cursinho, paguei as aulas, estudei bastante e agora comecei a me preocupar, porque aquela nota n\u00e3o condiz com a minha prepara\u00e7\u00e3o\", diz a estudante, que fez prova em Vi\u00e7osa (MG).</em></p>\r\n</div>\r\n<div class=\"mc-column content-text active-extra-styles\" data-block-type=\"raw\" data-block-weight=\"2\" data-block-id=\"9\">\r\n<p class=\"content-text__container\" style=\"text-align: justify; \"><em>\u00a0</em></p>\r\n<p class=\"content-text__container\" style=\"text-align: justify; \"><em>Cerveja contaminada</em></p>\r\n<p style=\"text-align: justify; \"><em>\u00a0</em></p>\r\n<p style=\"text-align: justify; \"><em>Fam\u00edlias de v\u00edtimas contaminadas ap\u00f3s beberem a cerveja Belorizontina, fabricada pela Backer, em Belo Horizonte, come\u00e7aram as investiga\u00e7\u00f5es ap\u00f3s notarem os primeiros sintomas, como mal-estar e dores abdominais. A Vigil\u00e2ncia Sanit\u00e1ria de Minas Gerais recolheu garrafas e a per\u00edcia confirmou que estavam contaminadas com dietilenoglicol, uma subst\u00e2ncia altamente t\u00f3xica, que a Backer nega usar. O Fant\u00e1stico\u00a0<a href=\"https://g1.globo.com/fantastico/noticia/2020/01/19/contaminacao-da-cerveja-fantastico-entra-na-backer-responsavel-pela-fabricacao-da-bebida.ghtml\">entrou em contato com parentes de algumas das 19 v\u00edtimas</a>\u00a0identificadas at\u00e9 agora. Um deles est\u00e1 internado em estado grave sem conseguir falar e sem se movimentar. A reportagem ainda conseguiu entrar na cervejaria e filmar os tanques interditados.</em></p>\r\n<p style=\"text-align: justify; \"><em><br /></em></p>\r\n<p style=\"text-align: justify; \"><em>Regina Duarte</em></p>\r\n<div class=\"mc-column content-text active-extra-styles\" style=\"text-align: justify; \" data-block-type=\"raw\" data-block-weight=\"2\" data-block-id=\"12\">\r\n<p><em>\u00a0A atriz Regina Duarte ainda n\u00e3o anunciou se aceita ou n\u00e3o o convite do presidente Jair Bolsonaro para assumir a Secretaria da Cultura. Ela substituiria Roberto Alvim, demitido ap\u00f3s divulgar um v\u00eddeo com refer\u00eancias nazistas. Segundo a colunista Natuza Nery, Regina pediu para se reunir pessoalmente com Bolsonaro e ter uma\u00a0<a href=\"https://g1.globo.com/politica/blog/natuza-nery/post/2020/01/18/regina-duarte-quer-uma-conversa-olho-no-olho-com-bolsonaro.ghtml\">conversa olho no olho</a>.</em></p>\r\n<div class=\"mc-column content-text active-extra-styles\" data-block-type=\"raw\" data-block-weight=\"3\" data-block-id=\"16\">\r\n<div class=\"content-intertitle\">\r\n<h2><em>For\u00e7a da \u00e1gua</em></h2>\r\n</div>\r\n<p><em>\u00a0</em></p>\r\n</div>\r\n<div class=\"row medium-uncollapsed content-media content-photo\" data-block-type=\"backstage-photo\" data-block-id=\"17\">\r\n<div class=\"mc-column content-media__container\">\r\n<div class=\"progressive-img can-open-lightbox\" data-min-size=\"1008x567\" data-min-size-url=\"https://s2.glbimg.com/0gxqmRzUmcK_iEHoAZp1rjWXyhw=/0x0:1152x648/1008x0/smart/filters:strip_icc()/i.s3.glbimg.com/v1/AUTH_59edd422c0c84a879bd37670ae4f538a/internal_photos/bs/2020/F/b/fY5xJlQrmyioByUTEXUw/whatsapp-image-2020-01-19-at-12.28.02.jpeg\" data-max-size=\"1600x900\" data-max-size-url=\"https://s2.glbimg.com/54WaFYaom0Jukh9lb1vRHfwpL_Y=/0x0:1152x648/1600x0/smart/filters:strip_icc()/i.s3.glbimg.com/v1/AUTH_59edd422c0c84a879bd37670ae4f538a/internal_photos/bs/2020/F/b/fY5xJlQrmyioByUTEXUw/whatsapp-image-2020-01-19-at-12.28.02.jpeg\" data-media-index=\"0\">\r\n<div class=\"placeholder-container\"></div>\r\n<em><img alt=\"Lama invadiu pr\u00e9dio da Secretaria de Sa\u00fade de Alfredo Chaves, no Esp\u00edrito Santo \u2014 Foto: Kaique Dias/ TV Gazeta \" class=\"progressive-draft\" title=\"Lama invadiu pr\u00e9dio da Secretaria de Sa\u00fade de Alfredo Chaves, no Esp\u00edrito Santo \u2014 Foto: Kaique Dias/ TV Gazeta \" /></em><source media=\"(max-width: 1024px)\" data-src=\"https://s2.glbimg.com/OzTYdbc5PHfC2aDj4vmdhb5eOow=/0x0:1152x648/600x0/smart/filters:strip_icc()/i.s3.glbimg.com/v1/AUTH_59edd422c0c84a879bd37670ae4f538a/internal_photos/bs/2020/F/b/fY5xJlQrmyioByUTEXUw/whatsapp-image-2020-01-19-at-12.28.02.jpeg 1x, https://s2.glbimg.com/Oje5-ToVaBmi8940P6xlYM-xVXY=/0x0:1152x648/1200x0/smart/filters:strip_icc()/i.s3.glbimg.com/v1/AUTH_59edd422c0c84a879bd37670ae4f538a/internal_photos/bs/2020/F/b/fY5xJlQrmyioByUTEXUw/whatsapp-image-2020-01-19-at-12.28.02.jpeg 2x\" srcset=\"https://s2.glbimg.com/OzTYdbc5PHfC2aDj4vmdhb5eOow=/0x0:1152x648/600x0/smart/filters:strip_icc()/i.s3.glbimg.com/v1/AUTH_59edd422c0c84a879bd37670ae4f538a/internal_photos/bs/2020/F/b/fY5xJlQrmyioByUTEXUw/whatsapp-image-2020-01-19-at-12.28.02.jpeg 1x, https://s2.glbimg.com/Oje5-ToVaBmi8940P6xlYM-xVXY=/0x0:1152x648/1200x0/smart/filters:strip_icc()/i.s3.glbimg.com/v1/AUTH_59edd422c0c84a879bd37670ae4f538a/internal_photos/bs/2020/F/b/fY5xJlQrmyioByUTEXUw/whatsapp-image-2020-01-19-at-12.28.02.jpeg 2x\"><source media=\"(max-width: 1280px)\" data-src=\"https://s2.glbimg.com/s1OeNUU4IVULY3ZJUXMKNmyjHVE=/0x0:1152x648/640x0/smart/filters:strip_icc()/i.s3.glbimg.com/v1/AUTH_59edd422c0c84a879bd37670ae4f538a/internal_photos/bs/2020/F/b/fY5xJlQrmyioByUTEXUw/whatsapp-image-2020-01-19-at-12.28.02.jpeg 1x, https://s2.glbimg.com/eU78tC2_s1bj8lF1-nKQ9zLvXHw=/0x0:1152x648/1280x0/smart/filters:strip_icc()/i.s3.glbimg.com/v1/AUTH_59edd422c0c84a879bd37670ae4f538a/internal_photos/bs/2020/F/b/fY5xJlQrmyioByUTEXUw/whatsapp-image-2020-01-19-at-12.28.02.jpeg 2x\" srcset=\"https://s2.glbimg.com/s1OeNUU4IVULY3ZJUXMKNmyjHVE=/0x0:1152x648/640x0/smart/filters:strip_icc()/i.s3.glbimg.com/v1/AUTH_59edd422c0c84a879bd37670ae4f538a/internal_photos/bs/2020/F/b/fY5xJlQrmyioByUTEXUw/whatsapp-image-2020-01-19-at-12.28.02.jpeg 1x, https://s2.glbimg.com/eU78tC2_s1bj8lF1-nKQ9zLvXHw=/0x0:1152x648/1280x0/smart/filters:strip_icc()/i.s3.glbimg.com/v1/AUTH_59edd422c0c84a879bd37670ae4f538a/internal_photos/bs/2020/F/b/fY5xJlQrmyioByUTEXUw/whatsapp-image-2020-01-19-at-12.28.02.jpeg 2x\"><source media=\"(max-width: 1360px)\" data-src=\"https://s2.glbimg.com/Qh3-HSmbc5Tn7l7tVfkQsesaagw=/0x0:1152x648/984x0/smart/filters:strip_icc()/i.s3.glbimg.com/v1/AUTH_59edd422c0c84a879bd37670ae4f538a/internal_photos/bs/2020/F/b/fY5xJlQrmyioByUTEXUw/whatsapp-image-2020-01-19-at-12.28.02.jpeg 1x, https://s2.glbimg.com/ums_QMcS1Uca1fosd6nYebqei5I=/0x0:1152x648/1968x0/smart/filters:strip_icc()/i.s3.glbimg.com/v1/AUTH_59edd422c0c84a879bd37670ae4f538a/internal_photos/bs/2020/F/b/fY5xJlQrmyioByUTEXUw/whatsapp-image-2020-01-19-at-12.28.02.jpeg 2x\" srcset=\"https://s2.glbimg.com/Qh3-HSmbc5Tn7l7tVfkQsesaagw=/0x0:1152x648/984x0/smart/filters:strip_icc()/i.s3.glbimg.com/v1/AUTH_59edd422c0c84a879bd37670ae4f538a/internal_photos/bs/2020/F/b/fY5xJlQrmyioByUTEXUw/whatsapp-image-2020-01-19-at-12.28.02.jpeg 1x, https://s2.glbimg.com/ums_QMcS1Uca1fosd6nYebqei5I=/0x0:1152x648/1968x0/smart/filters:strip_icc()/i.s3.glbimg.com/v1/AUTH_59edd422c0c84a879bd37670ae4f538a/internal_photos/bs/2020/F/b/fY5xJlQrmyioByUTEXUw/whatsapp-image-2020-01-19-at-12.28.02.jpeg 2x\"><source media=\"(min-width: 1361px)\" data-src=\"https://s2.glbimg.com/-CGNiqwnF1eIBdo_LFNMexauo1k=/0x0:1152x648/1000x0/smart/filters:strip_icc()/i.s3.glbimg.com/v1/AUTH_59edd422c0c84a879bd37670ae4f538a/internal_photos/bs/2020/F/b/fY5xJlQrmyioByUTEXUw/whatsapp-image-2020-01-19-at-12.28.02.jpeg 1x, https://s2.glbimg.com/Or3D3t3gXnTU71XQEM8Koh1gnA8=/0x0:1152x648/2000x0/smart/filters:strip_icc()/i.s3.glbimg.com/v1/AUTH_59edd422c0c84a879bd37670ae4f538a/internal_photos/bs/2020/F/b/fY5xJlQrmyioByUTEXUw/whatsapp-image-2020-01-19-at-12.28.02.jpeg 2x\" srcset=\"https://s2.glbimg.com/-CGNiqwnF1eIBdo_LFNMexauo1k=/0x0:1152x648/1000x0/smart/filters:strip_icc()/i.s3.glbimg.com/v1/AUTH_59edd422c0c84a879bd37670ae4f538a/internal_photos/bs/2020/F/b/fY5xJlQrmyioByUTEXUw/whatsapp-image-2020-01-19-at-12.28.02.jpeg 1x, https://s2.glbimg.com/Or3D3t3gXnTU71XQEM8Koh1gnA8=/0x0:1152x648/2000x0/smart/filters:strip_icc()/i.s3.glbimg.com/v1/AUTH_59edd422c0c84a879bd37670ae4f538a/internal_photos/bs/2020/F/b/fY5xJlQrmyioByUTEXUw/whatsapp-image-2020-01-19-at-12.28.02.jpeg 2x\"><source data-src=\"https://s2.glbimg.com/Qh3-HSmbc5Tn7l7tVfkQsesaagw=/0x0:1152x648/984x0/smart/filters:strip_icc()/i.s3.glbimg.com/v1/AUTH_59edd422c0c84a879bd37670ae4f538a/internal_photos/bs/2020/F/b/fY5xJlQrmyioByUTEXUw/whatsapp-image-2020-01-19-at-12.28.02.jpeg\" srcset=\"https://s2.glbimg.com/Qh3-HSmbc5Tn7l7tVfkQsesaagw=/0x0:1152x648/984x0/smart/filters:strip_icc()/i.s3.glbimg.com/v1/AUTH_59edd422c0c84a879bd37670ae4f538a/internal_photos/bs/2020/F/b/fY5xJlQrmyioByUTEXUw/whatsapp-image-2020-01-19-at-12.28.02.jpeg\"><em><img alt=\"Lama invadiu pr\u00e9dio da Secretaria de Sa\u00fade de Alfredo Chaves, no Esp\u00edrito Santo \u2014 Foto: Kaique Dias/ TV Gazeta \" class=\"image content-media__image progressive-loaded\" src=\"https://s2.glbimg.com/Qh3-HSmbc5Tn7l7tVfkQsesaagw=/0x0:1152x648/984x0/smart/filters:strip_icc()/i.s3.glbimg.com/v1/AUTH_59edd422c0c84a879bd37670ae4f538a/internal_photos/bs/2020/F/b/fY5xJlQrmyioByUTEXUw/whatsapp-image-2020-01-19-at-12.28.02.jpeg\" title=\"Lama invadiu pr\u00e9dio da Secretaria de Sa\u00fade de Alfredo Chaves, no Esp\u00edrito Santo \u2014 Foto: Kaique Dias/ TV Gazeta \" data-src=\"https://s2.glbimg.com/Qh3-HSmbc5Tn7l7tVfkQsesaagw=/0x0:1152x648/984x0/smart/filters:strip_icc()/i.s3.glbimg.com/v1/AUTH_59edd422c0c84a879bd37670ae4f538a/internal_photos/bs/2020/F/b/fY5xJlQrmyioByUTEXUw/whatsapp-image-2020-01-19-at-12.28.02.jpeg\" /></em></div>\r\n<p class=\"content-media__description \"><em>Lama invadiu pr\u00e9dio da Secretaria de Sa\u00fade de Alfredo Chaves, no Esp\u00edrito Santo \u2014 Foto: Kaique Dias/ TV Gazeta</em></p>\r\n</div>\r\n</div>\r\n<div class=\"mc-column content-text active-extra-styles \" data-block-type=\"unstyled\" data-block-weight=\"56\" data-block-id=\"18\">\r\n<p class=\"content-text__container \" data-track-category=\"Link no Texto\" data-track-links=\"\"><em>Um temporal varreu o sul do Esp\u00edrito Santo no fim de semana e\u00a0<a href=\"https://g1.globo.com/es/espirito-santo/noticia/2020/01/19/chuva-no-sul-do-es-deixa-seis-mortos-e-mais-de-400-pessoas-fora-de-casa.ghtml\">provocou 6 mortes</a>: 3 em Iconha e 3 em Alfredo Chaves, as cidades mais afetadas. Cerca de 400 pessoas est\u00e3o fora de casa e bombeiros procuram desaparecidos. Em Iconha, uma passarela desabou e a enchente subiu at\u00e9 o 2\u00ba andar de um hospital.</em></p>\r\n</div>\r\n<div class=\"row medium-uncollapsed content-media content-photo\" data-block-type=\"backstage-photo\" data-block-id=\"19\">\r\n<div class=\"mc-column content-media__container\">\r\n<div class=\"progressive-img can-open-lightbox\" data-min-size=\"1008x566\" data-min-size-url=\"https://s2.glbimg.com/X9JnkobJhGmn57FIrOOCRYKKT4E=/0x0:1366x768/1008x0/smart/filters:strip_icc()/i.s3.glbimg.com/v1/AUTH_59edd422c0c84a879bd37670ae4f538a/internal_photos/bs/2020/U/T/e9IyAlSY2MAY6LUglSVA/iconha13.jpg\" data-max-size=\"1600x899\" data-max-size-url=\"https://s2.glbimg.com/gIPwp-pAgV5wzAEy34IpuGOZD8E=/0x0:1366x768/1600x0/smart/filters:strip_icc()/i.s3.glbimg.com/v1/AUTH_59edd422c0c84a879bd37670ae4f538a/internal_photos/bs/2020/U/T/e9IyAlSY2MAY6LUglSVA/iconha13.jpg\" data-media-index=\"1\">\r\n<div class=\"placeholder-container\"></div>\r\n<em><img alt=\"For\u00e7a da \u00e1gua arrastou carros em Iconha \u2014 Foto: Reprodu\u00e7\u00e3o/TV Gazeta\" class=\"progressive-draft\" title=\"For\u00e7a da \u00e1gua arrastou carros em Iconha \u2014 Foto: Reprodu\u00e7\u00e3o/TV Gazeta\" /></em><source media=\"(max-width: 1024px)\" data-src=\"https://s2.glbimg.com/GN_JwE1q4Ht6RyfHu67eAKtXeng=/0x0:1366x768/600x0/smart/filters:strip_icc()/i.s3.glbimg.com/v1/AUTH_59edd422c0c84a879bd37670ae4f538a/internal_photos/bs/2020/U/T/e9IyAlSY2MAY6LUglSVA/iconha13.jpg 1x, https://s2.glbimg.com/qIHNLC40J6qtGIko9kSSO97Bh2w=/0x0:1366x768/1200x0/smart/filters:strip_icc()/i.s3.glbimg.com/v1/AUTH_59edd422c0c84a879bd37670ae4f538a/internal_photos/bs/2020/U/T/e9IyAlSY2MAY6LUglSVA/iconha13.jpg 2x\" srcset=\"https://s2.glbimg.com/GN_JwE1q4Ht6RyfHu67eAKtXeng=/0x0:1366x768/600x0/smart/filters:strip_icc()/i.s3.glbimg.com/v1/AUTH_59edd422c0c84a879bd37670ae4f538a/internal_photos/bs/2020/U/T/e9IyAlSY2MAY6LUglSVA/iconha13.jpg 1x, https://s2.glbimg.com/qIHNLC40J6qtGIko9kSSO97Bh2w=/0x0:1366x768/1200x0/smart/filters:strip_icc()/i.s3.glbimg.com/v1/AUTH_59edd422c0c84a879bd37670ae4f538a/internal_photos/bs/2020/U/T/e9IyAlSY2MAY6LUglSVA/iconha13.jpg 2x\"><source media=\"(max-width: 1280px)\" data-src=\"https://s2.glbimg.com/ygWiIP_YIppP9Ek931Np4VUy_2M=/0x0:1366x768/640x0/smart/filters:strip_icc()/i.s3.glbimg.com/v1/AUTH_59edd422c0c84a879bd37670ae4f538a/internal_photos/bs/2020/U/T/e9IyAlSY2MAY6LUglSVA/iconha13.jpg 1x, https://s2.glbimg.com/6KvIRla6xSJp1WvcqeePkXNzP8Y=/0x0:1366x768/1280x0/smart/filters:strip_icc()/i.s3.glbimg.com/v1/AUTH_59edd422c0c84a879bd37670ae4f538a/internal_photos/bs/2020/U/T/e9IyAlSY2MAY6LUglSVA/iconha13.jpg 2x\" srcset=\"https://s2.glbimg.com/ygWiIP_YIppP9Ek931Np4VUy_2M=/0x0:1366x768/640x0/smart/filters:strip_icc()/i.s3.glbimg.com/v1/AUTH_59edd422c0c84a879bd37670ae4f538a/internal_photos/bs/2020/U/T/e9IyAlSY2MAY6LUglSVA/iconha13.jpg 1x, https://s2.glbimg.com/6KvIRla6xSJp1WvcqeePkXNzP8Y=/0x0:1366x768/1280x0/smart/filters:strip_icc()/i.s3.glbimg.com/v1/AUTH_59edd422c0c84a879bd37670ae4f538a/internal_photos/bs/2020/U/T/e9IyAlSY2MAY6LUglSVA/iconha13.jpg 2x\"><source media=\"(max-width: 1360px)\" data-src=\"https://s2.glbimg.com/iUFzI9uLYjLAe36kJ98u1dZDX_A=/0x0:1366x768/984x0/smart/filters:strip_icc()/i.s3.glbimg.com/v1/AUTH_59edd422c0c84a879bd37670ae4f538a/internal_photos/bs/2020/U/T/e9IyAlSY2MAY6LUglSVA/iconha13.jpg 1x, https://s2.glbimg.com/2NZmpBrBfyYFqDCNYD9f9lygLng=/0x0:1366x768/1968x0/smart/filters:strip_icc()/i.s3.glbimg.com/v1/AUTH_59edd422c0c84a879bd37670ae4f538a/internal_photos/bs/2020/U/T/e9IyAlSY2MAY6LUglSVA/iconha13.jpg 2x\" srcset=\"https://s2.glbimg.com/iUFzI9uLYjLAe36kJ98u1dZDX_A=/0x0:1366x768/984x0/smart/filters:strip_icc()/i.s3.glbimg.com/v1/AUTH_59edd422c0c84a879bd37670ae4f538a/internal_photos/bs/2020/U/T/e9IyAlSY2MAY6LUglSVA/iconha13.jpg 1x, https://s2.glbimg.com/2NZmpBrBfyYFqDCNYD9f9lygLng=/0x0:1366x768/1968x0/smart/filters:strip_icc()/i.s3.glbimg.com/v1/AUTH_59edd422c0c84a879bd37670ae4f538a/internal_photos/bs/2020/U/T/e9IyAlSY2MAY6LUglSVA/iconha13.jpg 2x\"><source media=\"(min-width: 1361px)\" data-src=\"https://s2.glbimg.com/dII_v5ECAq0cBDEgxOQpZnf0epU=/0x0:1366x768/1000x0/smart/filters:strip_icc()/i.s3.glbimg.com/v1/AUTH_59edd422c0c84a879bd37670ae4f538a/internal_photos/bs/2020/U/T/e9IyAlSY2MAY6LUglSVA/iconha13.jpg 1x, https://s2.glbimg.com/9Gwqk6-9uF4tAmqfwT1YUK-dhNY=/0x0:1366x768/2000x0/smart/filters:strip_icc()/i.s3.glbimg.com/v1/AUTH_59edd422c0c84a879bd37670ae4f538a/internal_photos/bs/2020/U/T/e9IyAlSY2MAY6LUglSVA/iconha13.jpg 2x\" srcset=\"https://s2.glbimg.com/dII_v5ECAq0cBDEgxOQpZnf0epU=/0x0:1366x768/1000x0/smart/filters:strip_icc()/i.s3.glbimg.com/v1/AUTH_59edd422c0c84a879bd37670ae4f538a/internal_photos/bs/2020/U/T/e9IyAlSY2MAY6LUglSVA/iconha13.jpg 1x, https://s2.glbimg.com/9Gwqk6-9uF4tAmqfwT1YUK-dhNY=/0x0:1366x768/2000x0/smart/filters:strip_icc()/i.s3.glbimg.com/v1/AUTH_59edd422c0c84a879bd37670ae4f538a/internal_photos/bs/2020/U/T/e9IyAlSY2MAY6LUglSVA/iconha13.jpg 2x\"><source data-src=\"https://s2.glbimg.com/iUFzI9uLYjLAe36kJ98u1dZDX_A=/0x0:1366x768/984x0/smart/filters:strip_icc()/i.s3.glbimg.com/v1/AUTH_59edd422c0c84a879bd37670ae4f538a/internal_photos/bs/2020/U/T/e9IyAlSY2MAY6LUglSVA/iconha13.jpg\" srcset=\"https://s2.glbimg.com/iUFzI9uLYjLAe36kJ98u1dZDX_A=/0x0:1366x768/984x0/smart/filters:strip_icc()/i.s3.glbimg.com/v1/AUTH_59edd422c0c84a879bd37670ae4f538a/internal_photos/bs/2020/U/T/e9IyAlSY2MAY6LUglSVA/iconha13.jpg\"><em><img alt=\"For\u00e7a da \u00e1gua arrastou carros em Iconha \u2014 Foto: Reprodu\u00e7\u00e3o/TV Gazeta\" class=\"image content-media__image progressive-loaded\" src=\"https://s2.glbimg.com/iUFzI9uLYjLAe36kJ98u1dZDX_A=/0x0:1366x768/984x0/smart/filters:strip_icc()/i.s3.glbimg.com/v1/AUTH_59edd422c0c84a879bd37670ae4f538a/internal_photos/bs/2020/U/T/e9IyAlSY2MAY6LUglSVA/iconha13.jpg\" title=\"For\u00e7a da \u00e1gua arrastou carros em Iconha \u2014 Foto: Reprodu\u00e7\u00e3o/TV Gazeta\" data-src=\"https://s2.glbimg.com/iUFzI9uLYjLAe36kJ98u1dZDX_A=/0x0:1366x768/984x0/smart/filters:strip_icc()/i.s3.glbimg.com/v1/AUTH_59edd422c0c84a879bd37670ae4f538a/internal_photos/bs/2020/U/T/e9IyAlSY2MAY6LUglSVA/iconha13.jpg\" /></em></div>\r\n<p class=\"content-media__description \"><em>For\u00e7a da \u00e1gua arrastou carros em Iconha \u2014 Foto: Reprodu\u00e7\u00e3o/TV Gazeta</em></p>\r\n</div>\r\n</div>\r\n<div class=\"mc-column content-text active-extra-styles \" data-block-type=\"unstyled\" data-block-weight=\"43\" data-block-id=\"20\">\r\n<p class=\"content-text__container \" data-track-category=\"Link no Texto\" data-track-links=\"\"><em>Em Belo Horizonte, um\u00a0<a href=\"https://g1.globo.com/mg/minas-gerais/noticia/2020/01/19/regioes-barreiro-e-oeste-em-bh-registram-um-terco-das-chuvas-esperadas-para-o-mes.ghtml\">forte temporal</a>\u00a0no domingo provocou alagamentos e colocou a cidade em alerta para\u00a0<a href=\"https://g1.globo.com/mg/minas-gerais/noticia/2020/01/19/apos-temporal-bh-entra-em-alerta-de-risco-geologico.ghtml\">poss\u00edveis deslizamentos</a>. Algumas regi\u00f5es tiveram, em duas horas, um ter\u00e7o da chuva esperada para o m\u00eas inteiro. \u00c0 noite,\u00a0<a href=\"https://g1.globo.com/mg/minas-gerais/noticia/2020/01/19/moradores-atingidos-pela-chuva-protestam-na-avenida-tereza-cristina-em-bh.ghtml\">moradores protestaram</a>\u00a0para cobrar a\u00e7\u00f5es da prefeitura.</em></p>\r\n</div>\r\n<div class=\"mc-column content-text active-extra-styles\" data-block-type=\"raw\" data-block-weight=\"4\" data-block-id=\"22\">\r\n<p class=\"content-text__container\"><em>\u00a0</em></p>\r\n<div class=\"content-intertitle\">\r\n<h2><em>Clim\u00e3o na fam\u00edlia real</em></h2>\r\n</div>\r\n<p><em>\u00a0</em></p>\r\n</div>\r\n<div class=\"mc-column content-text active-extra-styles \" data-block-type=\"unstyled\" data-block-weight=\"75\" data-block-id=\"23\">\r\n<p class=\"content-text__container \" data-track-category=\"Link no Texto\" data-track-links=\"\"><em>O pr\u00edncipe Harry come\u00e7a a colher as consequ\u00eancias da decis\u00e3o de se afastar da realeza brit\u00e2nica. No s\u00e1bado, a rainha Elizabeth II anunciou que o neto e Meghan Markle\u00a0<a href=\"https://g1.globo.com/mundo/noticia/2020/01/18/harry-e-meghan-deixarao-de-usar-o-titulo-de-alteza-real.ghtml\">perder\u00e3o seus t\u00edtulos</a>\u00a0e, em consequ\u00eancia, deixar\u00e3o de receber dinheiro p\u00fablico repassado pela coroa. Na pr\u00e1tica, significa que eles n\u00e3o ser\u00e3o mais considerados membros da fam\u00edlia real. Harry lamentou: \"Nossa esperan\u00e7a era continuar servindo \u00e0 rainha. Infelizmente, n\u00e3o foi poss\u00edvel\". Isso me traz uma profunda tristeza.\"</em></p>\r\n</div>\r\n<div class=\"row medium-uncollapsed content-media content-photo\" data-block-type=\"backstage-photo\" data-block-id=\"24\">\r\n<div class=\"mc-column content-media__container\">\r\n<div class=\"progressive-img can-open-lightbox\" data-min-size=\"1008x631\" data-min-size-url=\"https://s2.glbimg.com/jOZ-x8wXqD_RoiQKCHxLw1wl2XY=/0x0:1700x1065/1008x0/smart/filters:strip_icc()/i.s3.glbimg.com/v1/AUTH_59edd422c0c84a879bd37670ae4f538a/internal_photos/bs/2020/y/4/QvB1T3Q3ayyd9KZzcDcQ/2020-01-11t085929z-1157706048-rc2kde9fkjpe-rtrmadp-3-britain-royals-press-1-.jpg\" data-max-size=\"1600x1002\" data-max-size-url=\"https://s2.glbimg.com/p-NAzXkJNPwLcUhXpxlC_hrchmA=/0x0:1700x1065/1600x0/smart/filters:strip_icc()/i.s3.glbimg.com/v1/AUTH_59edd422c0c84a879bd37670ae4f538a/internal_photos/bs/2020/y/4/QvB1T3Q3ayyd9KZzcDcQ/2020-01-11t085929z-1157706048-rc2kde9fkjpe-rtrmadp-3-britain-royals-press-1-.jpg\" data-media-index=\"2\">\r\n<div class=\"placeholder-container\"></div>\r\n<em><img alt=\" princ\u00edpe Harry e sua esposa, Meghan, duquesa de Sussex, em 7 de janeiro, em Londres \u2014 Foto: Reuters/Toby Melville\" class=\"progressive-draft\" title=\" princ\u00edpe Harry e sua esposa, Meghan, duquesa de Sussex, em 7 de janeiro, em Londres \u2014 Foto: Reuters/Toby Melville\" /></em><source media=\"(max-width: 1024px)\" data-src=\"https://s2.glbimg.com/JpFVm2-7am8ymaOY-EyGKCWzBkQ=/0x0:1700x1065/600x0/smart/filters:strip_icc()/i.s3.glbimg.com/v1/AUTH_59edd422c0c84a879bd37670ae4f538a/internal_photos/bs/2020/y/4/QvB1T3Q3ayyd9KZzcDcQ/2020-01-11t085929z-1157706048-rc2kde9fkjpe-rtrmadp-3-britain-royals-press-1-.jpg 1x, https://s2.glbimg.com/yzePVTI8CQkFCClpHnxI0BiDMR0=/0x0:1700x1065/1200x0/smart/filters:strip_icc()/i.s3.glbimg.com/v1/AUTH_59edd422c0c84a879bd37670ae4f538a/internal_photos/bs/2020/y/4/QvB1T3Q3ayyd9KZzcDcQ/2020-01-11t085929z-1157706048-rc2kde9fkjpe-rtrmadp-3-britain-royals-press-1-.jpg 2x\" srcset=\"https://s2.glbimg.com/JpFVm2-7am8ymaOY-EyGKCWzBkQ=/0x0:1700x1065/600x0/smart/filters:strip_icc()/i.s3.glbimg.com/v1/AUTH_59edd422c0c84a879bd37670ae4f538a/internal_photos/bs/2020/y/4/QvB1T3Q3ayyd9KZzcDcQ/2020-01-11t085929z-1157706048-rc2kde9fkjpe-rtrmadp-3-britain-royals-press-1-.jpg 1x, https://s2.glbimg.com/yzePVTI8CQkFCClpHnxI0BiDMR0=/0x0:1700x1065/1200x0/smart/filters:strip_icc()/i.s3.glbimg.com/v1/AUTH_59edd422c0c84a879bd37670ae4f538a/internal_photos/bs/2020/y/4/QvB1T3Q3ayyd9KZzcDcQ/2020-01-11t085929z-1157706048-rc2kde9fkjpe-rtrmadp-3-britain-royals-press-1-.jpg 2x\"><source media=\"(max-width: 1280px)\" data-src=\"https://s2.glbimg.com/k1YMSzgTzpCV4JURApHL0slIGeM=/0x0:1700x1065/640x0/smart/filters:strip_icc()/i.s3.glbimg.com/v1/AUTH_59edd422c0c84a879bd37670ae4f538a/internal_photos/bs/2020/y/4/QvB1T3Q3ayyd9KZzcDcQ/2020-01-11t085929z-1157706048-rc2kde9fkjpe-rtrmadp-3-britain-royals-press-1-.jpg 1x, https://s2.glbimg.com/tI9lltSJoq4mfzjvUNHHVsYZCFE=/0x0:1700x1065/1280x0/smart/filters:strip_icc()/i.s3.glbimg.com/v1/AUTH_59edd422c0c84a879bd37670ae4f538a/internal_photos/bs/2020/y/4/QvB1T3Q3ayyd9KZzcDcQ/2020-01-11t085929z-1157706048-rc2kde9fkjpe-rtrmadp-3-britain-royals-press-1-.jpg 2x\" srcset=\"https://s2.glbimg.com/k1YMSzgTzpCV4JURApHL0slIGeM=/0x0:1700x1065/640x0/smart/filters:strip_icc()/i.s3.glbimg.com/v1/AUTH_59edd422c0c84a879bd37670ae4f538a/internal_photos/bs/2020/y/4/QvB1T3Q3ayyd9KZzcDcQ/2020-01-11t085929z-1157706048-rc2kde9fkjpe-rtrmadp-3-britain-royals-press-1-.jpg 1x, https://s2.glbimg.com/tI9lltSJoq4mfzjvUNHHVsYZCFE=/0x0:1700x1065/1280x0/smart/filters:strip_icc()/i.s3.glbimg.com/v1/AUTH_59edd422c0c84a879bd37670ae4f538a/internal_photos/bs/2020/y/4/QvB1T3Q3ayyd9KZzcDcQ/2020-01-11t085929z-1157706048-rc2kde9fkjpe-rtrmadp-3-britain-royals-press-1-.jpg 2x\"><source media=\"(max-width: 1360px)\" data-src=\"https://s2.glbimg.com/cvKPzofEEu3QR6NvfO9rnYWQ8vE=/0x0:1700x1065/984x0/smart/filters:strip_icc()/i.s3.glbimg.com/v1/AUTH_59edd422c0c84a879bd37670ae4f538a/internal_photos/bs/2020/y/4/QvB1T3Q3ayyd9KZzcDcQ/2020-01-11t085929z-1157706048-rc2kde9fkjpe-rtrmadp-3-britain-royals-press-1-.jpg 1x, https://s2.glbimg.com/n8r7DG8daocBF0_HpC4rqFUQoDU=/0x0:1700x1065/1968x0/smart/filters:strip_icc()/i.s3.glbimg.com/v1/AUTH_59edd422c0c84a879bd37670ae4f538a/internal_photos/bs/2020/y/4/QvB1T3Q3ayyd9KZzcDcQ/2020-01-11t085929z-1157706048-rc2kde9fkjpe-rtrmadp-3-britain-royals-press-1-.jpg 2x\" srcset=\"https://s2.glbimg.com/cvKPzofEEu3QR6NvfO9rnYWQ8vE=/0x0:1700x1065/984x0/smart/filters:strip_icc()/i.s3.glbimg.com/v1/AUTH_59edd422c0c84a879bd37670ae4f538a/internal_photos/bs/2020/y/4/QvB1T3Q3ayyd9KZzcDcQ/2020-01-11t085929z-1157706048-rc2kde9fkjpe-rtrmadp-3-britain-royals-press-1-.jpg 1x, https://s2.glbimg.com/n8r7DG8daocBF0_HpC4rqFUQoDU=/0x0:1700x1065/1968x0/smart/filters:strip_icc()/i.s3.glbimg.com/v1/AUTH_59edd422c0c84a879bd37670ae4f538a/internal_photos/bs/2020/y/4/QvB1T3Q3ayyd9KZzcDcQ/2020-01-11t085929z-1157706048-rc2kde9fkjpe-rtrmadp-3-britain-royals-press-1-.jpg 2x\"><source media=\"(min-width: 1361px)\" data-src=\"https://s2.glbimg.com/gYaW1EoU_PwKukwduO38F4N4qrE=/0x0:1700x1065/1000x0/smart/filters:strip_icc()/i.s3.glbimg.com/v1/AUTH_59edd422c0c84a879bd37670ae4f538a/internal_photos/bs/2020/y/4/QvB1T3Q3ayyd9KZzcDcQ/2020-01-11t085929z-1157706048-rc2kde9fkjpe-rtrmadp-3-britain-royals-press-1-.jpg 1x, https://s2.glbimg.com/2DHUYpmPRt6jEmSMcs4Tvsg7Bio=/0x0:1700x1065/2000x0/smart/filters:strip_icc()/i.s3.glbimg.com/v1/AUTH_59edd422c0c84a879bd37670ae4f538a/internal_photos/bs/2020/y/4/QvB1T3Q3ayyd9KZzcDcQ/2020-01-11t085929z-1157706048-rc2kde9fkjpe-rtrmadp-3-britain-royals-press-1-.jpg 2x\" srcset=\"https://s2.glbimg.com/gYaW1EoU_PwKukwduO38F4N4qrE=/0x0:1700x1065/1000x0/smart/filters:strip_icc()/i.s3.glbimg.com/v1/AUTH_59edd422c0c84a879bd37670ae4f538a/internal_photos/bs/2020/y/4/QvB1T3Q3ayyd9KZzcDcQ/2020-01-11t085929z-1157706048-rc2kde9fkjpe-rtrmadp-3-britain-royals-press-1-.jpg 1x, https://s2.glbimg.com/2DHUYpmPRt6jEmSMcs4Tvsg7Bio=/0x0:1700x1065/2000x0/smart/filters:strip_icc()/i.s3.glbimg.com/v1/AUTH_59edd422c0c84a879bd37670ae4f538a/internal_photos/bs/2020/y/4/QvB1T3Q3ayyd9KZzcDcQ/2020-01-11t085929z-1157706048-rc2kde9fkjpe-rtrmadp-3-britain-royals-press-1-.jpg 2x\"><source data-src=\"https://s2.glbimg.com/cvKPzofEEu3QR6NvfO9rnYWQ8vE=/0x0:1700x1065/984x0/smart/filters:strip_icc()/i.s3.glbimg.com/v1/AUTH_59edd422c0c84a879bd37670ae4f538a/internal_photos/bs/2020/y/4/QvB1T3Q3ayyd9KZzcDcQ/2020-01-11t085929z-1157706048-rc2kde9fkjpe-rtrmadp-3-britain-royals-press-1-.jpg\" srcset=\"https://s2.glbimg.com/cvKPzofEEu3QR6NvfO9rnYWQ8vE=/0x0:1700x1065/984x0/smart/filters:strip_icc()/i.s3.glbimg.com/v1/AUTH_59edd422c0c84a879bd37670ae4f538a/internal_photos/bs/2020/y/4/QvB1T3Q3ayyd9KZzcDcQ/2020-01-11t085929z-1157706048-rc2kde9fkjpe-rtrmadp-3-britain-royals-press-1-.jpg\"><em><img alt=\" princ\u00edpe Harry e sua esposa, Meghan, duquesa de Sussex, em 7 de janeiro, em Londres \u2014 Foto: Reuters/Toby Melville\" class=\"image content-media__image progressive-loaded\" src=\"https://s2.glbimg.com/cvKPzofEEu3QR6NvfO9rnYWQ8vE=/0x0:1700x1065/984x0/smart/filters:strip_icc()/i.s3.glbimg.com/v1/AUTH_59edd422c0c84a879bd37670ae4f538a/internal_photos/bs/2020/y/4/QvB1T3Q3ayyd9KZzcDcQ/2020-01-11t085929z-1157706048-rc2kde9fkjpe-rtrmadp-3-britain-royals-press-1-.jpg\" title=\" princ\u00edpe Harry e sua esposa, Meghan, duquesa de Sussex, em 7 de janeiro, em Londres \u2014 Foto: Reuters/Toby Melville\" data-src=\"https://s2.glbimg.com/cvKPzofEEu3QR6NvfO9rnYWQ8vE=/0x0:1700x1065/984x0/smart/filters:strip_icc()/i.s3.glbimg.com/v1/AUTH_59edd422c0c84a879bd37670ae4f538a/internal_photos/bs/2020/y/4/QvB1T3Q3ayyd9KZzcDcQ/2020-01-11t085929z-1157706048-rc2kde9fkjpe-rtrmadp-3-britain-royals-press-1-.jpg\" /></em></div>\r\n<p class=\"content-media__description \"><em>princ\u00edpe Harry e sua esposa, Meghan, duquesa de Sussex, em 7 de janeiro, em Londres \u2014 Foto: Reuters/Toby Melville</em></p>\r\n</div>\r\n</div>\r\n<div class=\"mc-column content-text active-extra-styles\" data-block-type=\"raw\" data-block-weight=\"1\" data-block-id=\"25\">\r\n<p class=\"content-text__container\"><em>\u00a0</em></p>\r\n<div class=\"content-intertitle\">\r\n<h2><em>Davos</em></h2>\r\n</div>\r\n<p><em>\u00a0</em></p>\r\n</div>\r\n<div class=\"mc-column content-text active-extra-styles \" data-block-type=\"unstyled\" data-block-weight=\"48\" data-block-id=\"26\">\r\n<p class=\"content-text__container \" data-track-category=\"Link no Texto\" data-track-links=\"\"><em>Come\u00e7a nesta semana a 50\u00aa edi\u00e7\u00e3o do F\u00f3rum Econ\u00f4mico Mundial em Davos, na Su\u00ed\u00e7a. O presidente\u00a0<a href=\"https://g1.globo.com/politica/noticia/2020/01/08/bolsonaro-cancela-ida-ao-forum-economico-de-davos-diz-porta-voz.ghtml\">Jair Bolsonaro cancelou sua participa\u00e7\u00e3o</a>\u00a0no evento por quest\u00f5es de seguran\u00e7a, segundo o porta-voz da Presid\u00eancia, Ot\u00e1vio R\u00eago Barros. Quem representar\u00e1 o governo brasileiro ser\u00e1 a\u00a0<a href=\"https://g1.globo.com/politica/blog/andreia-sadi/post/2020/01/09/em-davos-guedes-quer-atrair-investidores-com-dados-sobre-avanco-na-economia-no-1o-ano-de-governo.ghtml\">presen\u00e7a ministro da Economia, Paulo Guedes</a>.</em></p>\r\n</div>\r\n<div class=\"mc-column content-text active-extra-styles \" data-block-type=\"unstyled\" data-block-weight=\"33\" data-block-id=\"27\">\r\n<p class=\"content-text__container \" data-track-category=\"Link no Texto\" data-track-links=\"\"><em>No encontro, l\u00edderes mundiais e chefes das maiores empresas do mundo discutem desenvolvimento econ\u00f4mico e crescimento global, mas tamb\u00e9m \"Economias mais justas\", \"Como salvar o planeta\", \"Futuros saud\u00e1veis\" e \"Tecnologia para o bem\".</em></p>\r\n</div>\r\n<div class=\"mc-column content-media content-video\" data-block-type=\"backstage-video\" data-block-id=\"28\">\r\n<div class=\"content-media__container\">\r\n<div class=\"content-video__bigger-player-description-fixer content-media__container--loaded\">\r\n<div class=\"content-video__video\">\r\n<div class=\"clappr-player\" id=\"wp3-player-3\" data-player=\"\">\r\n<div class=\"dfp-ad-overlay dfp-ad-overlay--poster-mode\">\r\n<div class=\"mc-column content-text active-extra-styles\" data-block-type=\"raw\" data-block-weight=\"3\" data-block-id=\"30\">\r\n<div class=\"content-intertitle\">\r\n<h2><em>Elei\u00e7\u00e3o na Bol\u00edvia</em></h2>\r\n</div>\r\n<p><em>\u00a0</em></p>\r\n</div>\r\n<div class=\"mc-column content-text active-extra-styles \" data-block-type=\"unstyled\" data-block-weight=\"77\" data-block-id=\"31\">\r\n<p class=\"content-text__container \" data-track-category=\"Link no Texto\" data-track-links=\"\"><em><a href=\"https://g1.globo.com/mundo/noticia/2020/01/19/luis-arce-ex-ministro-da-economia-da-bolivia-sera-candidato-a-presidencia-pelo-partido-de-evo-morales.ghtml\">Luis Arce, ex-ministro da Economia</a>, foi escolhido por Evo Morales para disputar a presid\u00eancia da Bol\u00edvia no dia 3 de maio. O ex-presidente est\u00e1 refugiado na Argentina e reuniu em Buenos Aires o Movimento ao Socialismo (MAS), seu partido, para definir a chapa. O ex-chanceler David Choquehuanca ser\u00e1 candidato a vice-presidente. Evo renunciou em novembro, pressionado por militares, ap\u00f3s vencer vota\u00e7\u00e3o marcada por den\u00fancias de fraude. O ex-presidente vai coordenar a campanha do MAS mesmo do exterior.</em></p>\r\n</div>\r\n<div class=\"mc-column content-text active-extra-styles\" data-block-type=\"raw\" data-block-weight=\"3\" data-block-id=\"32\">\r\n<p class=\"content-text__container\"><em>\u00a0</em></p>\r\n<div class=\"content-intertitle\">\r\n<h2><em>Revolta nas ruas</em></h2>\r\n</div>\r\n<p><em>\u00a0</em></p>\r\n</div>\r\n<div class=\"row medium-uncollapsed content-media content-photo\" data-block-type=\"backstage-photo\" data-block-id=\"33\">\r\n<div class=\"mc-column content-media__container\">\r\n<div class=\"progressive-img can-open-lightbox\" data-min-size=\"1008x698\" data-min-size-url=\"https://s2.glbimg.com/ss_MzeoNhVQdNW--DjpfcGNDqEE=/0x0:5539x3840/1008x0/smart/filters:strip_icc()/i.s3.glbimg.com/v1/AUTH_59edd422c0c84a879bd37670ae4f538a/internal_photos/bs/2020/K/3/ksAbJCSViKDAkaKzKX9w/ap20019671356625.jpg\" data-max-size=\"1600x1109\" data-max-size-url=\"https://s2.glbimg.com/W45XINKxt4-eBAhd0qQCmebMugM=/0x0:5539x3840/1600x0/smart/filters:strip_icc()/i.s3.glbimg.com/v1/AUTH_59edd422c0c84a879bd37670ae4f538a/internal_photos/bs/2020/K/3/ksAbJCSViKDAkaKzKX9w/ap20019671356625.jpg\" data-media-index=\"3\">\r\n<div class=\"placeholder-container\"></div>\r\n<em><img alt=\"Manifestante lan\u00e7a chamas a partir de spray contra policiais que cercam o Parlamento do L\u00edbano, em Beirute, neste domingo (19) \u2014 Foto: Hassan Ammar/AP Photo\" class=\"progressive-draft\" title=\"Manifestante lan\u00e7a chamas a partir de spray contra policiais que cercam o Parlamento do L\u00edbano, em Beirute, neste domingo (19) \u2014 Foto: Hassan Ammar/AP Photo\" /></em><source media=\"(max-width: 1024px)\" data-src=\"https://s2.glbimg.com/4_jcEmlnTrGhyqWgpS6H5matkXg=/0x0:5539x3840/600x0/smart/filters:strip_icc()/i.s3.glbimg.com/v1/AUTH_59edd422c0c84a879bd37670ae4f538a/internal_photos/bs/2020/K/3/ksAbJCSViKDAkaKzKX9w/ap20019671356625.jpg 1x, https://s2.glbimg.com/_uKs0-natVGRokMnjiesStx9S0s=/0x0:5539x3840/1200x0/smart/filters:strip_icc()/i.s3.glbimg.com/v1/AUTH_59edd422c0c84a879bd37670ae4f538a/internal_photos/bs/2020/K/3/ksAbJCSViKDAkaKzKX9w/ap20019671356625.jpg 2x\" srcset=\"https://s2.glbimg.com/4_jcEmlnTrGhyqWgpS6H5matkXg=/0x0:5539x3840/600x0/smart/filters:strip_icc()/i.s3.glbimg.com/v1/AUTH_59edd422c0c84a879bd37670ae4f538a/internal_photos/bs/2020/K/3/ksAbJCSViKDAkaKzKX9w/ap20019671356625.jpg 1x, https://s2.glbimg.com/_uKs0-natVGRokMnjiesStx9S0s=/0x0:5539x3840/1200x0/smart/filters:strip_icc()/i.s3.glbimg.com/v1/AUTH_59edd422c0c84a879bd37670ae4f538a/internal_photos/bs/2020/K/3/ksAbJCSViKDAkaKzKX9w/ap20019671356625.jpg 2x\"><source media=\"(max-width: 1280px)\" data-src=\"https://s2.glbimg.com/xfHU-7ZTrArJO6VOBLlsYW8oPTY=/0x0:5539x3840/640x0/smart/filters:strip_icc()/i.s3.glbimg.com/v1/AUTH_59edd422c0c84a879bd37670ae4f538a/internal_photos/bs/2020/K/3/ksAbJCSViKDAkaKzKX9w/ap20019671356625.jpg 1x, https://s2.glbimg.com/6MMzgOttresjrX4WZXrF6tac7vc=/0x0:5539x3840/1280x0/smart/filters:strip_icc()/i.s3.glbimg.com/v1/AUTH_59edd422c0c84a879bd37670ae4f538a/internal_photos/bs/2020/K/3/ksAbJCSViKDAkaKzKX9w/ap20019671356625.jpg 2x\" srcset=\"https://s2.glbimg.com/xfHU-7ZTrArJO6VOBLlsYW8oPTY=/0x0:5539x3840/640x0/smart/filters:strip_icc()/i.s3.glbimg.com/v1/AUTH_59edd422c0c84a879bd37670ae4f538a/internal_photos/bs/2020/K/3/ksAbJCSViKDAkaKzKX9w/ap20019671356625.jpg 1x, https://s2.glbimg.com/6MMzgOttresjrX4WZXrF6tac7vc=/0x0:5539x3840/1280x0/smart/filters:strip_icc()/i.s3.glbimg.com/v1/AUTH_59edd422c0c84a879bd37670ae4f538a/internal_photos/bs/2020/K/3/ksAbJCSViKDAkaKzKX9w/ap20019671356625.jpg 2x\"><source media=\"(max-width: 1360px)\" data-src=\"https://s2.glbimg.com/NiJQGLlMrS3H4W16ZN5W-SL_iHI=/0x0:5539x3840/984x0/smart/filters:strip_icc()/i.s3.glbimg.com/v1/AUTH_59edd422c0c84a879bd37670ae4f538a/internal_photos/bs/2020/K/3/ksAbJCSViKDAkaKzKX9w/ap20019671356625.jpg 1x, https://s2.glbimg.com/D-rwdxNzK_LSL6zun1DfwsRK92M=/0x0:5539x3840/1968x0/smart/filters:strip_icc()/i.s3.glbimg.com/v1/AUTH_59edd422c0c84a879bd37670ae4f538a/internal_photos/bs/2020/K/3/ksAbJCSViKDAkaKzKX9w/ap20019671356625.jpg 2x\" srcset=\"https://s2.glbimg.com/NiJQGLlMrS3H4W16ZN5W-SL_iHI=/0x0:5539x3840/984x0/smart/filters:strip_icc()/i.s3.glbimg.com/v1/AUTH_59edd422c0c84a879bd37670ae4f538a/internal_photos/bs/2020/K/3/ksAbJCSViKDAkaKzKX9w/ap20019671356625.jpg 1x, https://s2.glbimg.com/D-rwdxNzK_LSL6zun1DfwsRK92M=/0x0:5539x3840/1968x0/smart/filters:strip_icc()/i.s3.glbimg.com/v1/AUTH_59edd422c0c84a879bd37670ae4f538a/internal_photos/bs/2020/K/3/ksAbJCSViKDAkaKzKX9w/ap20019671356625.jpg 2x\"><source media=\"(min-width: 1361px)\" data-src=\"https://s2.glbimg.com/l2tcu8njYSinsr0HkzLbJGnly-U=/0x0:5539x3840/1000x0/smart/filters:strip_icc()/i.s3.glbimg.com/v1/AUTH_59edd422c0c84a879bd37670ae4f538a/internal_photos/bs/2020/K/3/ksAbJCSViKDAkaKzKX9w/ap20019671356625.jpg 1x, https://s2.glbimg.com/TZ-xf5_gekK-nKLc23VnhNureCk=/0x0:5539x3840/2000x0/smart/filters:strip_icc()/i.s3.glbimg.com/v1/AUTH_59edd422c0c84a879bd37670ae4f538a/internal_photos/bs/2020/K/3/ksAbJCSViKDAkaKzKX9w/ap20019671356625.jpg 2x\" srcset=\"https://s2.glbimg.com/l2tcu8njYSinsr0HkzLbJGnly-U=/0x0:5539x3840/1000x0/smart/filters:strip_icc()/i.s3.glbimg.com/v1/AUTH_59edd422c0c84a879bd37670ae4f538a/internal_photos/bs/2020/K/3/ksAbJCSViKDAkaKzKX9w/ap20019671356625.jpg 1x, https://s2.glbimg.com/TZ-xf5_gekK-nKLc23VnhNureCk=/0x0:5539x3840/2000x0/smart/filters:strip_icc()/i.s3.glbimg.com/v1/AUTH_59edd422c0c84a879bd37670ae4f538a/internal_photos/bs/2020/K/3/ksAbJCSViKDAkaKzKX9w/ap20019671356625.jpg 2x\"><source data-src=\"https://s2.glbimg.com/NiJQGLlMrS3H4W16ZN5W-SL_iHI=/0x0:5539x3840/984x0/smart/filters:strip_icc()/i.s3.glbimg.com/v1/AUTH_59edd422c0c84a879bd37670ae4f538a/internal_photos/bs/2020/K/3/ksAbJCSViKDAkaKzKX9w/ap20019671356625.jpg\" srcset=\"https://s2.glbimg.com/NiJQGLlMrS3H4W16ZN5W-SL_iHI=/0x0:5539x3840/984x0/smart/filters:strip_icc()/i.s3.glbimg.com/v1/AUTH_59edd422c0c84a879bd37670ae4f538a/internal_photos/bs/2020/K/3/ksAbJCSViKDAkaKzKX9w/ap20019671356625.jpg\"><em><img alt=\"Manifestante lan\u00e7a chamas a partir de spray contra policiais que cercam o Parlamento do L\u00edbano, em Beirute, neste domingo (19) \u2014 Foto: Hassan Ammar/AP Photo\" class=\"image content-media__image progressive-loaded\" src=\"https://s2.glbimg.com/NiJQGLlMrS3H4W16ZN5W-SL_iHI=/0x0:5539x3840/984x0/smart/filters:strip_icc()/i.s3.glbimg.com/v1/AUTH_59edd422c0c84a879bd37670ae4f538a/internal_photos/bs/2020/K/3/ksAbJCSViKDAkaKzKX9w/ap20019671356625.jpg\" title=\"Manifestante lan\u00e7a chamas a partir de spray contra policiais que cercam o Parlamento do L\u00edbano, em Beirute, neste domingo (19) \u2014 Foto: Hassan Ammar/AP Photo\" data-src=\"https://s2.glbimg.com/NiJQGLlMrS3H4W16ZN5W-SL_iHI=/0x0:5539x3840/984x0/smart/filters:strip_icc()/i.s3.glbimg.com/v1/AUTH_59edd422c0c84a879bd37670ae4f538a/internal_photos/bs/2020/K/3/ksAbJCSViKDAkaKzKX9w/ap20019671356625.jpg\" /></em></div>\r\n<p class=\"content-media__description \"><em>Manifestante lan\u00e7a chamas a partir de spray contra policiais que cercam o Parlamento do L\u00edbano, em Beirute, neste domingo (19) \u2014 Foto: Hassan Ammar/AP Photo</em></p>\r\n</div>\r\n</div>\r\n<div class=\"mc-column content-text active-extra-styles \" data-block-type=\"unstyled\" data-block-weight=\"62\" data-block-id=\"34\">\r\n<p class=\"content-text__container \" data-track-category=\"Link no Texto\" data-track-links=\"\"><em>O fim de semana foi de\u00a0<a href=\"https://g1.globo.com/mundo/noticia/2020/01/19/protestos-no-libano-tem-novos-confrontos-entre-policiais-e-manifestantes.ghtml\">violentos protestos em Beirute</a>, capital do L\u00edbano. Manifestantes contr\u00e1rios ao governo e for\u00e7as de seguran\u00e7a entraram em confronto tanto no s\u00e1bado quanto no domingo. Mais de 400 pessoas ficaram feridas e o Ex\u00e9rcito foi acionado. Os protestos ocorrem desde outubro e j\u00e1 derrubaram o ex-premi\u00ea Saad Hariri, em meio a uma grave crise econ\u00f4mica no pa\u00eds.</em></p>\r\n</div>\r\n<div class=\"row medium-uncollapsed content-media content-photo\" data-block-type=\"backstage-photo\" data-block-id=\"35\">\r\n<div class=\"mc-column content-media__container\">\r\n<div class=\"progressive-img can-open-lightbox\" data-min-size=\"1008x672\" data-min-size-url=\"https://s2.glbimg.com/Wvo-geEODGA_QS2H3LAEQMcVZ6A=/0x0:5760x3840/1008x0/smart/filters:strip_icc()/i.s3.glbimg.com/v1/AUTH_59edd422c0c84a879bd37670ae4f538a/internal_photos/bs/2020/o/y/1DNzeiT1W8PySblqM3bg/ap20018546152888.jpg\" data-max-size=\"1600x1066\" data-max-size-url=\"https://s2.glbimg.com/u2Yfka6_s8pwoNddFhXW5uazxdQ=/0x0:5760x3840/1600x0/smart/filters:strip_icc()/i.s3.glbimg.com/v1/AUTH_59edd422c0c84a879bd37670ae4f538a/internal_photos/bs/2020/o/y/1DNzeiT1W8PySblqM3bg/ap20018546152888.jpg\" data-media-index=\"4\">\r\n<div class=\"placeholder-container\"></div>\r\n<em><img alt=\"Manifestante em Beirute, no L\u00edbano, usa galho de \u00e1rvore contra cerco policial, que revida com jatos d'\u00e1gua, durante protesto neste s\u00e1bado (18) \u2014 Foto: Hassan Ammar/AP Photo\" class=\"progressive-draft\" title=\"Manifestante em Beirute, no L\u00edbano, usa galho de \u00e1rvore contra cerco policial, que revida com jatos d'\u00e1gua, durante protesto neste s\u00e1bado (18) \u2014 Foto: Hassan Ammar/AP Photo\" /></em><source media=\"(max-width: 1024px)\" data-src=\"https://s2.glbimg.com/3E8ZP3IeBkvKhJXQndsKc7bDocQ=/0x0:5760x3840/600x0/smart/filters:strip_icc()/i.s3.glbimg.com/v1/AUTH_59edd422c0c84a879bd37670ae4f538a/internal_photos/bs/2020/o/y/1DNzeiT1W8PySblqM3bg/ap20018546152888.jpg 1x, https://s2.glbimg.com/8C6VEEzbqGIdgfeHFk0LNl-uKgc=/0x0:5760x3840/1200x0/smart/filters:strip_icc()/i.s3.glbimg.com/v1/AUTH_59edd422c0c84a879bd37670ae4f538a/internal_photos/bs/2020/o/y/1DNzeiT1W8PySblqM3bg/ap20018546152888.jpg 2x\" srcset=\"https://s2.glbimg.com/3E8ZP3IeBkvKhJXQndsKc7bDocQ=/0x0:5760x3840/600x0/smart/filters:strip_icc()/i.s3.glbimg.com/v1/AUTH_59edd422c0c84a879bd37670ae4f538a/internal_photos/bs/2020/o/y/1DNzeiT1W8PySblqM3bg/ap20018546152888.jpg 1x, https://s2.glbimg.com/8C6VEEzbqGIdgfeHFk0LNl-uKgc=/0x0:5760x3840/1200x0/smart/filters:strip_icc()/i.s3.glbimg.com/v1/AUTH_59edd422c0c84a879bd37670ae4f538a/internal_photos/bs/2020/o/y/1DNzeiT1W8PySblqM3bg/ap20018546152888.jpg 2x\"><source media=\"(max-width: 1280px)\" data-src=\"https://s2.glbimg.com/oMkE7SvHPESSfY3kH8Hjed4PpDM=/0x0:5760x3840/640x0/smart/filters:strip_icc()/i.s3.glbimg.com/v1/AUTH_59edd422c0c84a879bd37670ae4f538a/internal_photos/bs/2020/o/y/1DNzeiT1W8PySblqM3bg/ap20018546152888.jpg 1x, https://s2.glbimg.com/wDGEG54Sb6ZiRegdvoTwdbB2CBA=/0x0:5760x3840/1280x0/smart/filters:strip_icc()/i.s3.glbimg.com/v1/AUTH_59edd422c0c84a879bd37670ae4f538a/internal_photos/bs/2020/o/y/1DNzeiT1W8PySblqM3bg/ap20018546152888.jpg 2x\" srcset=\"https://s2.glbimg.com/oMkE7SvHPESSfY3kH8Hjed4PpDM=/0x0:5760x3840/640x0/smart/filters:strip_icc()/i.s3.glbimg.com/v1/AUTH_59edd422c0c84a879bd37670ae4f538a/internal_photos/bs/2020/o/y/1DNzeiT1W8PySblqM3bg/ap20018546152888.jpg 1x, https://s2.glbimg.com/wDGEG54Sb6ZiRegdvoTwdbB2CBA=/0x0:5760x3840/1280x0/smart/filters:strip_icc()/i.s3.glbimg.com/v1/AUTH_59edd422c0c84a879bd37670ae4f538a/internal_photos/bs/2020/o/y/1DNzeiT1W8PySblqM3bg/ap20018546152888.jpg 2x\"><source media=\"(max-width: 1360px)\" data-src=\"https://s2.glbimg.com/6PJ_MYAHmnyUAVEl1d3Qnt1pMuU=/0x0:5760x3840/984x0/smart/filters:strip_icc()/i.s3.glbimg.com/v1/AUTH_59edd422c0c84a879bd37670ae4f538a/internal_photos/bs/2020/o/y/1DNzeiT1W8PySblqM3bg/ap20018546152888.jpg 1x, https://s2.glbimg.com/Wv9Xdx8LgHyKdGhm_8qceRxGsE0=/0x0:5760x3840/1968x0/smart/filters:strip_icc()/i.s3.glbimg.com/v1/AUTH_59edd422c0c84a879bd37670ae4f538a/internal_photos/bs/2020/o/y/1DNzeiT1W8PySblqM3bg/ap20018546152888.jpg 2x\" srcset=\"https://s2.glbimg.com/6PJ_MYAHmnyUAVEl1d3Qnt1pMuU=/0x0:5760x3840/984x0/smart/filters:strip_icc()/i.s3.glbimg.com/v1/AUTH_59edd422c0c84a879bd37670ae4f538a/internal_photos/bs/2020/o/y/1DNzeiT1W8PySblqM3bg/ap20018546152888.jpg 1x, https://s2.glbimg.com/Wv9Xdx8LgHyKdGhm_8qceRxGsE0=/0x0:5760x3840/1968x0/smart/filters:strip_icc()/i.s3.glbimg.com/v1/AUTH_59edd422c0c84a879bd37670ae4f538a/internal_photos/bs/2020/o/y/1DNzeiT1W8PySblqM3bg/ap20018546152888.jpg 2x\"><source media=\"(min-width: 1361px)\" data-src=\"https://s2.glbimg.com/rXQKlI1_x2y054f0h-DUfHMwf64=/0x0:5760x3840/1000x0/smart/filters:strip_icc()/i.s3.glbimg.com/v1/AUTH_59edd422c0c84a879bd37670ae4f538a/internal_photos/bs/2020/o/y/1DNzeiT1W8PySblqM3bg/ap20018546152888.jpg 1x, https://s2.glbimg.com/MdDfAf_8Kpbkzthk3ghSfO1iTb4=/0x0:5760x3840/2000x0/smart/filters:strip_icc()/i.s3.glbimg.com/v1/AUTH_59edd422c0c84a879bd37670ae4f538a/internal_photos/bs/2020/o/y/1DNzeiT1W8PySblqM3bg/ap20018546152888.jpg 2x\" srcset=\"https://s2.glbimg.com/rXQKlI1_x2y054f0h-DUfHMwf64=/0x0:5760x3840/1000x0/smart/filters:strip_icc()/i.s3.glbimg.com/v1/AUTH_59edd422c0c84a879bd37670ae4f538a/internal_photos/bs/2020/o/y/1DNzeiT1W8PySblqM3bg/ap20018546152888.jpg 1x, https://s2.glbimg.com/MdDfAf_8Kpbkzthk3ghSfO1iTb4=/0x0:5760x3840/2000x0/smart/filters:strip_icc()/i.s3.glbimg.com/v1/AUTH_59edd422c0c84a879bd37670ae4f538a/internal_photos/bs/2020/o/y/1DNzeiT1W8PySblqM3bg/ap20018546152888.jpg 2x\"><source data-src=\"https://s2.glbimg.com/6PJ_MYAHmnyUAVEl1d3Qnt1pMuU=/0x0:5760x3840/984x0/smart/filters:strip_icc()/i.s3.glbimg.com/v1/AUTH_59edd422c0c84a879bd37670ae4f538a/internal_photos/bs/2020/o/y/1DNzeiT1W8PySblqM3bg/ap20018546152888.jpg\" srcset=\"https://s2.glbimg.com/6PJ_MYAHmnyUAVEl1d3Qnt1pMuU=/0x0:5760x3840/984x0/smart/filters:strip_icc()/i.s3.glbimg.com/v1/AUTH_59edd422c0c84a879bd37670ae4f538a/internal_photos/bs/2020/o/y/1DNzeiT1W8PySblqM3bg/ap20018546152888.jpg\"><em><img alt=\"Manifestante em Beirute, no L\u00edbano, usa galho de \u00e1rvore contra cerco policial, que revida com jatos d'\u00e1gua, durante protesto neste s\u00e1bado (18) \u2014 Foto: Hassan Ammar/AP Photo\" class=\"image content-media__image progressive-loaded\" src=\"https://s2.glbimg.com/6PJ_MYAHmnyUAVEl1d3Qnt1pMuU=/0x0:5760x3840/984x0/smart/filters:strip_icc()/i.s3.glbimg.com/v1/AUTH_59edd422c0c84a879bd37670ae4f538a/internal_photos/bs/2020/o/y/1DNzeiT1W8PySblqM3bg/ap20018546152888.jpg\" title=\"Manifestante em Beirute, no L\u00edbano, usa galho de \u00e1rvore contra cerco policial, que revida com jatos d'\u00e1gua, durante protesto neste s\u00e1bado (18) \u2014 Foto: Hassan Ammar/AP Photo\" data-src=\"https://s2.glbimg.com/6PJ_MYAHmnyUAVEl1d3Qnt1pMuU=/0x0:5760x3840/984x0/smart/filters:strip_icc()/i.s3.glbimg.com/v1/AUTH_59edd422c0c84a879bd37670ae4f538a/internal_photos/bs/2020/o/y/1DNzeiT1W8PySblqM3bg/ap20018546152888.jpg\" /></em></div>\r\n<p class=\"content-media__description \"><em>Manifestante em Beirute, no L\u00edbano, usa galho de \u00e1rvore contra cerco policial, que revida com jatos d'\u00e1gua, durante protesto neste s\u00e1bado (18) \u2014 Foto: Hassan Ammar/AP Photo</em></p>\r\n</div>\r\n</div>\r\n<div class=\"mc-column content-text active-extra-styles\" data-block-type=\"raw\" data-block-weight=\"3\" data-block-id=\"37\">\r\n<p class=\"content-text__container\"><em>\u00a0</em></p>\r\n</div>\r\n</div>\r\n<div class=\"container master-container pointer-enabled\" data-container=\"\" data-pip=\"\">\r\n<div class=\"poster\">\r\n<div class=\"poster__background\"></div>\r\n<div class=\"poster__background-overlay\"></div>\r\n<div class=\"poster__play-wrapper\"></div>\r\n</div>\r\n<div class=\"id-playback\" data-id-playback=\"\"></div>\r\n</div>\r\n<div class=\"media-control media-control-hide\">\r\n<div class=\"media-control-panel\">\r\n<div class=\"media-control-panel__back-layer\">\r\n<div class=\"media-control-position__left\"></div>\r\n<div class=\"media-control-position__center\"></div>\r\n<div class=\"media-control-position__right\"></div>\r\n</div>\r\n<div class=\"media-control-panel__upper\">\r\n<div class=\"opposites-container\">\r\n<div class=\"media-control-position__left\"></div>\r\n<div class=\"media-control-position__right\"></div>\r\n</div>\r\n<div class=\"media-control-position__center\"></div>\r\n</div>\r\n<div class=\"media-control-panel__middle\">\r\n<div class=\"media-control-position__left\"></div>\r\n<div class=\"media-control-position__center\"></div>\r\n<div class=\"media-control-position__right\"></div>\r\n</div>\r\n<div class=\"media-control-panel__lower\" data-controls=\"\">\r\n<div class=\"opposites-container\">\r\n<div class=\"media-control-position__left\">\r\n<div class=\"dfp-countdown media-control-element dfp-countdown--hidden\"></div>\r\n</div>\r\n<div class=\"media-control-position__between\">\r\n<div class=\"quick-seek-hint hidden media-control-element\"></div>\r\n</div>\r\n<div class=\"media-control-position__right\">\r\n<div class=\"drawer-container volume-hide media-control-element\" data-volume=\"\">\r\n<div class=\"drawer-icon-container\" data-volume=\"\"></div>\r\n<div class=\"bar-container\" data-volume=\"\">\r\n<div class=\"bar-background\" data-volume=\"\">\r\n<div class=\"bar-fill-1\" data-volume=\"\"></div>\r\n<div class=\"bar-hover\" data-volume=\"\"></div>\r\n</div>\r\n<div class=\"bar-scrubber\" data-volume=\"\">\r\n<div class=\"bar-scrubber-icon\" data-volume=\"\"></div>\r\n</div>\r\n</div>\r\n</div>\r\n</div>\r\n</div>\r\n</div>\r\n<div class=\"media-control-panel__front-layer\">\r\n<div class=\"media-control-position__left\"></div>\r\n<div class=\"media-control-position__center\"></div>\r\n<div class=\"media-control-position__right\"></div>\r\n</div>\r\n<div class=\"media-control-panel__modal\"></div>\r\n</div>\r\n</div>\r\n</div>\r\n</div>\r\n</div>\r\n</div>\r\n</div>\r\n<p><em><br /></em></p>\r\n</div>\r\n<p style=\"text-align: justify; \"><em><br /></em></p>\r\n</div>\r\n</div>", "author_name": "aquila", "version": "1.0", "author_url": "https://www.querencia.mt.leg.br/author/aquila", "provider_name": "C\u00e2mara Municipal de Quer\u00eancia - MT", "type": "rich"}